{"id":227,"date":"2008-10-14T21:38:11","date_gmt":"2008-10-14T19:38:11","guid":{"rendered":"http:\/\/www.stenyak.com\/?p=227"},"modified":"2008-10-14T21:38:11","modified_gmt":"2008-10-14T19:38:11","slug":"bricotuning-de-audio-para-un-renault-21-nevada-part-2","status":"publish","type":"post","link":"https:\/\/www.stenyak.com\/?p=227","title":{"rendered":"Bricotuning de audio para un Renault 21 Nevada &#8211; part 2"},"content":{"rendered":"<p><em>(&#8230;continuaci\u00f3n de la <a href=\"http:\/\/www.stenyak.com\/archives\/51\/bricotuning-de-audio-para-un-renault-21-nevada-part-1\">parte 1<\/a>)<\/em><\/p>\n<p>Como iba diciendo, estabamos con el <strong>dise\u00f1o de las cajas<\/strong>. Se hicieron bastante profundas para darle m\u00e1s graves al asunto, que es lo que me interesa. Si me diera igual, las cajas podr\u00edan haber sido <em>un poco mas peque\u00f1ajas y manejables<\/em>. He aqu\u00ed algunas capturas del proceso de fabricaci\u00f3n:<\/p>\n<div style=\"float:left\"><a href=\"http:\/\/www.stenyak.com\/wp-content\/uploads\/2008\/10\/dsc00207.jpg\">Marcando la ruta de corte:<br \/>\n<img loading=\"lazy\" class=\"alignnone size-medium wp-image-230\" title=\"proyecci\u00f3n del altavoz sobre el panel frontal\" src=\"http:\/\/www.stenyak.com\/wp-content\/uploads\/2008\/10\/dsc00207-300x225.jpg\" alt=\"\" width=\"234\" height=\"176\" \/><\/a><\/div>\n<div style=\"float:right\"><a href=\"http:\/\/www.stenyak.com\/wp-content\/uploads\/2008\/10\/dsc00228.jpg\">Listo para ser montado:<br \/>\n<img loading=\"lazy\" class=\"alignnone size-medium wp-image-231\" title=\"tablas ya serradas y ajustadas\" src=\"http:\/\/www.stenyak.com\/wp-content\/uploads\/2008\/10\/dsc00228-300x225.jpg\" alt=\"\" width=\"234\" height=\"176\" \/><\/a><\/div>\n<div style=\"clear:both\">\n<p>Atornillamos las tablas entre s\u00ed sin ninguna complicaci\u00f3n. Despu\u00e9s metimos <strong>pistola termofusible<\/strong> por el interior de todas las aristas, adem\u00e1s de unas <strong>hojas adherentes de esponja<\/strong> negra fina en el \u00f3valo donde luego meter\u00edamos <span style=\"text-decoration: line-through;\">a hostias<\/span> cuidadosamente el altavoz.<\/p>\n<p>El objetivo no es otro que <strong>mejorar la hermeticidad de la caja<\/strong>, con la consiguiente mejora en calidad de sonido que teniendo en cuenta d\u00f3nde se escuchar\u00e1 (en un coche, y adem\u00e1s viejuno!), \u00fanicamente los audi\u00f3filos podr\u00e1n apreciar \ud83d\ude06 . La cosa qued\u00f3 tal que as\u00ed:<\/div>\n<p style=\"text-align: center;\"><a href=\"http:\/\/www.stenyak.com\/wp-content\/uploads\/2008\/10\/dsc00218.jpg\"><img loading=\"lazy\" class=\"size-medium wp-image-233 aligncenter\" title=\"caja montada\" src=\"http:\/\/www.stenyak.com\/wp-content\/uploads\/2008\/10\/dsc00218-300x225.jpg\" alt=\"\" width=\"300\" height=\"225\" \/><\/a><\/p>\n<p>Y ahora la parte interesante: el <strong><em>conector<\/em> de audio<\/strong> y el <strong>anclaje<\/strong> de la caja al coche. Los requerimientos son varios:<\/p>\n<ul>\n<li><strong>Poder utilizar el maletero completo<\/strong> si hace falta.<\/li>\n<li>Que el conector de audio sea <strong>resistente<\/strong> a los meneos que sufrir\u00e1 con el equipaje yendo y viniendo.<\/li>\n<li>Que el sistema sea <strong>(des)montable en menos de un minuto<\/strong>.<\/li>\n<li><strong>No necesitar herramientas<\/strong> para el montaje: nada de llaves allen, ni navaja, ni alicates&#8230;<\/li>\n<li>Que sea, adem\u00e1s, <strong>bonito<\/strong> y <strong>barato<\/strong>, por supuesto!<\/li>\n<\/ul>\n<p>Estuvimos barajando muchas posibilidades. La mayoria descartadas por ser muy <strong>caras<\/strong> (por ej. audio enviado por wifi\/bluetooth), muy <strong>blandengues<\/strong> (por ej. jacks de audio t\u00edpicos), y muy <strong>warras <\/strong>(por ej. dejar conector y cable con holgura, para que no sufran tirones).<\/p>\n<p>Por suerte, como programador que soy tengo la costumbre de intentar <strong>eliminar redundancias<\/strong>, y se me ocurri\u00f3 una idea que cumpl\u00eda todos los requisitos. Para llevarla a cabo necesitaba <em>un conector poco convencional<\/em>, que <em><strong>no se puede encontrar en tiendas de audio<\/strong><\/em>, como ver\u00e9is a continuaci\u00f3n:<\/p>\n<p style=\"text-align: center\"><a href=\"http:\/\/www.stenyak.com\/wp-content\/uploads\/2008\/10\/dsc00235.jpg\"><img loading=\"lazy\" class=\"size-thumbnail wp-image-242 alignright\" title=\"conexi\u00f3n interna a los altavoces\" src=\"http:\/\/www.stenyak.com\/wp-content\/uploads\/2008\/10\/dsc00235-150x150.jpg\" alt=\"\" width=\"150\" height=\"150\" \/><\/a><a href=\"http:\/\/www.stenyak.com\/wp-content\/uploads\/2008\/10\/dsc00236.jpg\"><img loading=\"lazy\" class=\"alignleft size-thumbnail wp-image-243\" title=\"uni\u00f3n cutre al positivo del altavoz\" src=\"http:\/\/www.stenyak.com\/wp-content\/uploads\/2008\/10\/dsc00236-150x150.jpg\" alt=\"\" width=\"150\" height=\"150\" \/><\/a>Comprobamos la <strong>conductividad<\/strong> del material elegido con un tester y altavoces.<\/p>\n<p style=\"text-align: center\">Atravesamos la base de la caja con <strong>dos parejas de tornillos<\/strong>.<\/p>\n<p style=\"text-align: center\">Utilizamos de nuevo la <strong>termofusible<\/strong> para fijar los cables tierra y positivo a sendos tornillos.<\/p>\n<p style=\"text-align: center\">\u00bfY <em>qu\u00e9 es lo que va al otro lado de estos 4 tornillos<\/em>? Esto:<\/p>\n<div style=\"clear: both; text-align: center;\"><a href=\"http:\/\/www.stenyak.com\/wp-content\/uploads\/2008\/10\/dsc00230.jpg\"><img loading=\"lazy\" class=\"aligncenter size-medium wp-image-247\" title=\"sistema de anclaje y conexion de audio\" src=\"http:\/\/www.stenyak.com\/wp-content\/uploads\/2008\/10\/dsc00230-300x225.jpg\" alt=\"\" width=\"300\" height=\"225\" \/><\/a><\/div>\n<div style=\"clear: both; text-align: center;\"><a href=\"http:\/\/www.stenyak.com\/wp-content\/uploads\/2008\/10\/dsc00247.jpg\"><img loading=\"lazy\" class=\"aligncenter size-medium wp-image-252\" title=\"visagra de anclaje\" src=\"http:\/\/www.stenyak.com\/wp-content\/uploads\/2008\/10\/dsc00247-300x225.jpg\" alt=\"\" width=\"300\" height=\"225\" \/><\/a><\/div>\n<div style=\"clear: both; text-align: center;\"><strong>A que mola!!?<\/strong> \ud83d\ude00<\/div>\n<p>En efecto: para qu\u00e9 utilizar un mecanismo para el anclaje del altavoz, y otro diferente para la conexi\u00f3n de audio, cuando podemos utilizar <strong>el mismo para ambos<\/strong>? Con <strong>un par de simples cierres de puerta y una visagra<\/strong> solucionamos el problema.<\/p>\n<p><strong>Nota<\/strong>: <em>se podr\u00eda haber tirado corriente el\u00e9ctrica por la visagra en vez de utilizar un segundo cierre, pero entonces el anclaje quedar\u00eda un poco inestable. As\u00ed que finalmente decidimos usar esos 2+1 anclajes.<\/em><\/p>\n<p>Weno gente, creo que es suficiente por hoy, que ya me he cansado de escribir y subir fotos \ud83d\ude09 , as\u00ed que otro d\u00eda continuar\u00e9 con el brico.<\/p>\n<p style=\"text-align: center;\"><strong>Coming soon<\/strong>: <a href=\"http:\/\/www.stenyak.com\/archives\/452\/bricotuning-de-audio-para-un-renault-21-nevada-part-3\"><em>cableado y bricolaje en el Renault 21 &#8211; Parte 3<\/em><\/a>!<\/p>\n","protected":false},"excerpt":{"rendered":"<p>(&#8230;continuaci\u00f3n de la parte 1) Como iba diciendo, estabamos con el dise\u00f1o de las cajas. Se hicieron bastante profundas para darle m\u00e1s graves al asunto, que es lo que me interesa. Si me diera igual, las cajas podr\u00edan haber sido un poco mas peque\u00f1ajas y manejables. He aqu\u00ed algunas capturas del proceso de fabricaci\u00f3n: Marcando [&hellip;]<\/p>\n","protected":false},"author":1,"featured_media":0,"comment_status":"open","ping_status":"open","sticky":false,"template":"","format":"standard","meta":[],"categories":[4],"tags":[6,7,10,26],"_links":{"self":[{"href":"https:\/\/www.stenyak.com\/index.php?rest_route=\/wp\/v2\/posts\/227"}],"collection":[{"href":"https:\/\/www.stenyak.com\/index.php?rest_route=\/wp\/v2\/posts"}],"about":[{"href":"https:\/\/www.stenyak.com\/index.php?rest_route=\/wp\/v2\/types\/post"}],"author":[{"embeddable":true,"href":"https:\/\/www.stenyak.com\/index.php?rest_route=\/wp\/v2\/users\/1"}],"replies":[{"embeddable":true,"href":"https:\/\/www.stenyak.com\/index.php?rest_route=%2Fwp%2Fv2%2Fcomments&post=227"}],"version-history":[{"count":0,"href":"https:\/\/www.stenyak.com\/index.php?rest_route=\/wp\/v2\/posts\/227\/revisions"}],"wp:attachment":[{"href":"https:\/\/www.stenyak.com\/index.php?rest_route=%2Fwp%2Fv2%2Fmedia&parent=227"}],"wp:term":[{"taxonomy":"category","embeddable":true,"href":"https:\/\/www.stenyak.com\/index.php?rest_route=%2Fwp%2Fv2%2Fcategories&post=227"},{"taxonomy":"post_tag","embeddable":true,"href":"https:\/\/www.stenyak.com\/index.php?rest_route=%2Fwp%2Fv2%2Ftags&post=227"}],"curies":[{"name":"wp","href":"https:\/\/api.w.org\/{rel}","templated":true}]}}